















{"id":2829,"date":"2022-02-03T17:57:24","date_gmt":"2022-02-03T20:57:24","guid":{"rendered":"http:\/\/pbapgo.meioambiente.go.gov.br\/?p=2829"},"modified":"2022-02-03T17:59:37","modified_gmt":"2022-02-03T20:59:37","slug":"goias-apresenta-enquadramento-das-aguas-das-bacias-afluentes-do-rio-paranaiba-2","status":"publish","type":"post","link":"http:\/\/pbapgo.meioambiente.go.gov.br\/?p=2829","title":{"rendered":"Plano conclui que Goi\u00e1s pode ter problemas para atender necessidades de \u00e1gua na pr\u00f3xima d\u00e9cada"},"content":{"rendered":"<div id=\"pl-2829\"  class=\"panel-layout\" ><div id=\"pg-2829-0\"  class=\"panel-grid panel-no-style\" ><div id=\"pgc-2829-0-0\"  class=\"panel-grid-cell\" ><div id=\"panel-2829-0-0-0\" class=\"so-panel widget widget_text panel-first-child panel-last-child\" data-index=\"0\" ><h3 class=\"widget-title\">\u00daltimas plen\u00e1rias do Plano de Bacias s\u00e3o apresentadas neste m\u00eas de fevereiro<\/h3>\t\t\t<div class=\"textwidget\"><div>\u00c1gua \u00e9 uma preocupa\u00e7\u00e3o nacional e Goi\u00e1s n\u00e3o \u00e9 exce\u00e7\u00e3o. Seja pela escassez ou pelas chuvas intensas que causam estragos nos centros urbanos, a gest\u00e3o da \u00e1gua tem impacto direto na vida de todo goiano. Neste m\u00eas de fevereiro, chega ao fim a etapa formal do Plano de Bacias dos Afluentes do Parana\u00edba do Estado de Goi\u00e1s, uma continua\u00e7\u00e3o tanto do Plano Nacional de Recursos H\u00eddricos quanto do Plano de Recursos H\u00eddricos do Rio Parana\u00edba.<\/div>\n<div><\/div>\n<div>Entre os dias 8 e 17 de fevereiro, ser\u00e3o realizadas plen\u00e1rias p\u00fablicas, de forma aberta e virtual, para a apresenta\u00e7\u00e3o e aprova\u00e7\u00e3o dos \u00faltimos produtos do Plano &#8211; que serve de guia e ferramenta para a gest\u00e3o p\u00fablica e privada das nossas \u00e1guas, al\u00e9m de elemento e ferramenta de base para monitoramentos para a sociedade civil.<\/div>\n<div><\/div>\n<div>Desde 2018, o Plano re\u00fane esfor\u00e7os de profissionais da Secretaria de Estado do Meio Ambiente e Desenvolvimento Sustent\u00e1vel (Semad), da Universidade Federal de Goi\u00e1s (UFG), dos Comit\u00eas de Bacias Hidrogr\u00e1ficas (CBH) do Parana\u00edba e de empresas e entidades interessadas, como a Saneago, al\u00e9m de representantes civis de cada munic\u00edpio.<\/div>\n<div><\/div>\n<div>&#8220;O Plano abrange todas as quest\u00f5es relacionadas \u00e0 gest\u00e3o da \u00e1gua. No entanto, o foco da maioria das a\u00e7\u00f5es est\u00e1 em tentar equacionar a rela\u00e7\u00e3o entre demandas e disponibilidades. \u00c9 um problema que estamos enfrentando desde 2016 e que pode se agravar&#8221;, ressalta o coordenador t\u00e9cnico do Plano de Bacias dos Afluentes do Parana\u00edba do Estado de Goi\u00e1s (PBAPGO) e professor da UFG, Klebber Formiga.<\/div>\n<div><\/div>\n<div>O coordenador ainda lembra que, pela \u00e1rea ter metas e a\u00e7\u00f5es muitas vezes de dif\u00edcil acompanhamento, foram elaborados manuais para que tanto os comit\u00eas quanto a sociedade consiga acompanhar e fazer um bom trabalho. Outros produtos como mapeamentos, diagn\u00f3sticos, enquadramentos e resumos tamb\u00e9m est\u00e3o entre as entregas do Plano ao longo desses anos.<\/div>\n<div><\/div>\n<div>O legado do esfor\u00e7o coletivo ligado ao Plano de Bacias \u00e9, segundo o especialista, deixar mapeado, discutido e dispon\u00edvel publicamente o cen\u00e1rio para evitar a m\u00e1 gest\u00e3o dos recursos h\u00eddricos no nosso estado.<\/div>\n<div><\/div>\n<div>&#8220;A conclus\u00e3o do Plano \u00e9 que a disponibilidade da \u00e1gua nos Afluentes Goianos do Rio Parana\u00edba \u00e9 limitada e as demandas est\u00e3o crescendo, havendo possibilidade de, na pr\u00f3xima d\u00e9cada, termos um crescimento dos locais com problemas para atender as necessidades de \u00e1gua&#8221;, alerta o professor. &#8220;Para evitar esse cen\u00e1rio, as a\u00e7\u00f5es propostas devem ser implementadas de modo a se minorar este risco&#8221;, completa.<\/div>\n<div><\/div>\n<div><b>Apresenta\u00e7\u00e3o p\u00fablica<\/b><\/div>\n<div><\/div>\n<div>As plen\u00e1rias p\u00fablicas ser\u00e3o realizadas de 8 a 17 de fevereiro e separados pelas bacias que comp\u00f5em o Plano de Recursos H\u00eddricos das seguintes bacias (UPGRH): Afluentes Goianos do Baixo Parana\u00edba; Rio Meia Ponte; Rios Corumb\u00e1, Ver\u00edssimo e por\u00e7\u00e3o goiana do rio S\u00e3o Marcos e Rio dos Bois.<\/div>\n<div><\/div>\n<div>Toda a programa\u00e7\u00e3o pode ser acompanhada pelo site <a href=\"http:\/\/pbapgo.meioambiente.go.gov.br\">http:\/\/pbapgo.meioambiente.go.gov.br<\/a> ou pelo instagram @pbap_go. As transmiss\u00f5es ocorrer\u00e3o por meio do Zoom (com microfone aberto) e pelo YouTube da UFG.<\/div>\n<div><\/div>\n<div>Confira as datas e links abaixo:<\/div>\n<div><\/div>\n<div><b>08\/02<\/b><\/div>\n<div>6\u00aa Reuni\u00e3o Extraordin\u00e1ria CBH Baixo Parana\u00edba<\/div>\n<div>Hora: 8 fev. 2022 09:00 da manh\u00e3 S\u00e3o Paulo<\/div>\n<div><\/div>\n<div>Entrar na reuni\u00e3o Zoom<\/div>\n<div><a href=\"https:\/\/zoom.us\/j\/91779006281?pwd=UFEwTDZqRDE0VUp6SWNmbTVBMm5MQT09\">https:\/\/zoom.us\/j\/91779006281?pwd=UFEwTDZqRDE0VUp6SWNmbTVBMm5MQT09<\/a><\/div>\n<div><\/div>\n<div>ID da reuni\u00e3o: 917 7900 6281<\/div>\n<div>Senha de acesso: 352355<\/div>\n<div><\/div>\n<div><b>09\/02<\/b><\/div>\n<div>14\u00aa Reuni\u00e3o Extraordin\u00e1ria CBH Meia Ponte<\/div>\n<div>Hora: 9 fev. 2022 09:00 da manh\u00e3 S\u00e3o Paulo<\/div>\n<div><\/div>\n<div>Entrar na reuni\u00e3o Zoom<\/div>\n<div><a href=\"https:\/\/zoom.us\/j\/96945770456?pwd=bWpJd3M0Vm5tU3c5RXh2bjNtZjVqdz09\">https:\/\/zoom.us\/j\/96945770456?pwd=bWpJd3M0Vm5tU3c5RXh2bjNtZjVqdz09<\/a><\/div>\n<div><\/div>\n<div>ID da reuni\u00e3o: 969 4577 0456<\/div>\n<div>Senha de acesso: 925983<\/div>\n<div><\/div>\n<div><b>10\/02<\/b><\/div>\n<div>9\u00aa Reuni\u00e3o Extraordin\u00e1ria CBH Bois<\/div>\n<div>Hora: 10 fev. 2022 09:00 da manh\u00e3 S\u00e3o Paulo<\/div>\n<div><\/div>\n<div>Entrar na reuni\u00e3o Zoom<\/div>\n<div><a href=\"https:\/\/zoom.us\/j\/95454196071?pwd=MTc2a3p3Nk1nU1lIYnh2Y3NzU1d4QT09\">https:\/\/zoom.us\/j\/95454196071?pwd=MTc2a3p3Nk1nU1lIYnh2Y3NzU1d4QT09<\/a><\/div>\n<div><\/div>\n<div>ID da reuni\u00e3o: 954 5419 6071<\/div>\n<div>Senha de acesso: 569669<\/div>\n<div><\/div>\n<div><b>11\/02<\/b><\/div>\n<div>15\u00aa Reuni\u00e3o Extraordin\u00e1ria CBH CVSM<\/div>\n<div>Hora: 11 fev. 2022 09:00 da manh\u00e3 S\u00e3o Paulo<\/div>\n<div><\/div>\n<div>Entrar na reuni\u00e3o Zoom<\/div>\n<div><a href=\"https:\/\/zoom.us\/j\/95186158561?pwd=amc4RCtpeWMyeVp3WUw1cHpiZVM4Zz09\">https:\/\/zoom.us\/j\/95186158561?pwd=amc4RCtpeWMyeVp3WUw1cHpiZVM4Zz09<\/a><\/div>\n<div><\/div>\n<div>ID da reuni\u00e3o: 951 8615 8561<\/div>\n<div>Senha de acesso: 085515<\/div>\n<div><\/div>\n<div><b>15\/02<\/b><\/div>\n<div>16\u00aa Reuni\u00e3o Extraordin\u00e1ria CBH Meia Ponte<\/div>\n<div>Hora: 15 fev. 2022 01:45 da tarde S\u00e3o Paulo<\/div>\n<div><\/div>\n<div>Entrar na reuni\u00e3o Zoom<\/div>\n<div><a href=\"https:\/\/zoom.us\/j\/93072580987?pwd=bjRuM2tSWjdJRDFnL2t6OVRVQThJUT09\">https:\/\/zoom.us\/j\/93072580987?pwd=bjRuM2tSWjdJRDFnL2t6OVRVQThJUT09<\/a><\/div>\n<div><\/div>\n<div>ID da reuni\u00e3o: 930 7258 0987<\/div>\n<div>Senha de acesso: 315427<\/div>\n<div><\/div>\n<div><b>16\/02<\/b><\/div>\n<div>10\u00aa Reuni\u00e3o Extraordin\u00e1ria CBH Bois<\/div>\n<div>Hora: 16 fev. 2022 09:00 da manh\u00e3 S\u00e3o Paulo<\/div>\n<div><\/div>\n<div>Entrar na reuni\u00e3o Zoom<\/div>\n<div><a href=\"https:\/\/zoom.us\/j\/98545018209?pwd=amhNelVoaW5hUWdEcUhNV0czUDZVZz09\">https:\/\/zoom.us\/j\/98545018209?pwd=amhNelVoaW5hUWdEcUhNV0czUDZVZz09<\/a><\/div>\n<div><\/div>\n<div>ID da reuni\u00e3o: 985 4501 8209<\/div>\n<div>Senha de acesso: 526086<\/div>\n<div><\/div>\n<div><b>17\/02<\/b><\/div>\n<div>16\u00aa Reuni\u00e3o Extraordin\u00e1ria CBH CVSM<\/div>\n<div>Hora: 17 fev. 2022 01:45 da tarde S\u00e3o Paulo<\/div>\n<div><\/div>\n<div>Entrar na reuni\u00e3o Zoom<\/div>\n<div><a href=\"https:\/\/zoom.us\/j\/92187944556?pwd=Z2s0YWdqQmRPSTY5RHB2MTlnaG9WQT09\">https:\/\/zoom.us\/j\/92187944556?pwd=Z2s0YWdqQmRPSTY5RHB2MTlnaG9WQT09<\/a><\/div>\n<div><\/div>\n<div>ID da reuni\u00e3o: 921 8794 4556<\/div>\n<div>Senha de acesso: 994716<\/div>\n<p>&nbsp;<\/p>\n<h4>Sobre a proposta de enquadramento<\/h4>\n<p>O enquadramento \u00e9 instrumento de extrema import\u00e2ncia definido na Pol\u00edtica Nacional de Recursos H\u00eddricos. Para entender de forma simplificada, o enquadramento funciona assim: ele classifica as \u00e1guas em classes segundo sua qualidade. Essas classes est\u00e3o contidas na Resolu\u00e7\u00e3o do Conselho Nacional de Meio Ambiente (Conama) de N\u00ba 357, de 17 de mar\u00e7o de 2005. A resolu\u00e7\u00e3o estabelece, ainda, os padr\u00f5es de lan\u00e7amento de efluentes nos corpos h\u00eddricos.<\/p>\n<p>As classes podem ir de Especial at\u00e9 a Classe 4. \u00c1guas de Classe Especial e 1 s\u00e3o recomendadas para usos mais nobres, onde h\u00e1 contato humano direto e grande possibilidade de sua ingest\u00e3o. Quanto maior a numera\u00e7\u00e3o da classe, pior a qualidade da \u00e1gua do manancial e mais restritivo \u00e9 o seu uso.<\/p>\n<p>\u00c9 por isso que \u00e9 t\u00e3o importante a documenta\u00e7\u00e3o desse enquadramento porque, dependendo da classe, maior a necessidade de tratamento para se adequar a qualidade dessa \u00e1gua para determinado uso.<\/p>\n<p>A proposta servir\u00e1, ent\u00e3o, para nortear a utiliza\u00e7\u00e3o das \u00e1guas dos corpos h\u00eddricos conforme sua finalidade, e estabelecer metas de tratamento de efluentes lan\u00e7ados nos corpos d\u2019\u00e1gua para manuten\u00e7\u00e3o de seu uso. Este j\u00e1 \u00e9 o quinto produto (documento) apresentado.<\/p>\n<p>&nbsp;<\/p>\n<h4>Sobre o PBAPGO<\/h4>\n<p>A Semad, juntamente com a UFG, tem administrado os Recursos H\u00eddricos do Estado por meio do planejamento sistem\u00e1tico de suas a\u00e7\u00f5es com o intuito de alcan\u00e7ar uma vis\u00e3o integrada dos diferentes usos e usu\u00e1rios da \u00e1gua e, por conseguinte, proporcionar uma preserva\u00e7\u00e3o dos ecossistemas aqu\u00e1ticos de Goi\u00e1s.<\/p>\n<p>Todo esse esfor\u00e7o conjunto \u00e9 reunido no PBAPGO, o Plano de Bacias dos Afluentes do Rio Parana\u00edba do Estado de Goi\u00e1s. A iniciativa \u00e9 da Semad em conjunto com a UFG, a partir da contrata\u00e7\u00e3o da equipe t\u00e9cnica com o apoio da Funda\u00e7\u00e3o de Apoio \u00e0 Pesquisa (Funape). Todos os produtos e informa\u00e7\u00f5es sobre o plano s\u00e3o p\u00fablicos e est\u00e3o dispon\u00edveis no site pbapgo.meioambiente.go.gov.br.<\/p>\n<\/div>\n\t\t<\/div><\/div><\/div><\/div>","protected":false},"excerpt":{"rendered":"<p>\u00c1gua \u00e9 uma preocupa\u00e7\u00e3o nacional e Goi\u00e1s n\u00e3o \u00e9 exce\u00e7\u00e3o. Seja pela escassez ou pelas chuvas intensas que causam estragos nos centros urbanos, a gest\u00e3o da \u00e1gua tem impacto direto &#8230;<\/p>\n","protected":false},"author":2,"featured_media":2830,"comment_status":"open","ping_status":"open","sticky":false,"template":"","format":"standard","meta":{"footnotes":""},"categories":[34],"tags":[],"_links":{"self":[{"href":"http:\/\/pbapgo.meioambiente.go.gov.br\/index.php?rest_route=\/wp\/v2\/posts\/2829"}],"collection":[{"href":"http:\/\/pbapgo.meioambiente.go.gov.br\/index.php?rest_route=\/wp\/v2\/posts"}],"about":[{"href":"http:\/\/pbapgo.meioambiente.go.gov.br\/index.php?rest_route=\/wp\/v2\/types\/post"}],"author":[{"embeddable":true,"href":"http:\/\/pbapgo.meioambiente.go.gov.br\/index.php?rest_route=\/wp\/v2\/users\/2"}],"replies":[{"embeddable":true,"href":"http:\/\/pbapgo.meioambiente.go.gov.br\/index.php?rest_route=%2Fwp%2Fv2%2Fcomments&post=2829"}],"version-history":[{"count":3,"href":"http:\/\/pbapgo.meioambiente.go.gov.br\/index.php?rest_route=\/wp\/v2\/posts\/2829\/revisions"}],"predecessor-version":[{"id":2833,"href":"http:\/\/pbapgo.meioambiente.go.gov.br\/index.php?rest_route=\/wp\/v2\/posts\/2829\/revisions\/2833"}],"wp:featuredmedia":[{"embeddable":true,"href":"http:\/\/pbapgo.meioambiente.go.gov.br\/index.php?rest_route=\/wp\/v2\/media\/2830"}],"wp:attachment":[{"href":"http:\/\/pbapgo.meioambiente.go.gov.br\/index.php?rest_route=%2Fwp%2Fv2%2Fmedia&parent=2829"}],"wp:term":[{"taxonomy":"category","embeddable":true,"href":"http:\/\/pbapgo.meioambiente.go.gov.br\/index.php?rest_route=%2Fwp%2Fv2%2Fcategories&post=2829"},{"taxonomy":"post_tag","embeddable":true,"href":"http:\/\/pbapgo.meioambiente.go.gov.br\/index.php?rest_route=%2Fwp%2Fv2%2Ftags&post=2829"}],"curies":[{"name":"wp","href":"https:\/\/api.w.org\/{rel}","templated":true}]}}