















{"id":2557,"date":"2021-06-22T08:45:54","date_gmt":"2021-06-22T11:45:54","guid":{"rendered":"http:\/\/pbapgo.meioambiente.go.gov.br\/?p=2557"},"modified":"2021-06-22T08:45:54","modified_gmt":"2021-06-22T11:45:54","slug":"certificados-protetor-das-aguas","status":"publish","type":"post","link":"http:\/\/pbapgo.meioambiente.go.gov.br\/?p=2557","title":{"rendered":"Certificados Protetor das \u00c1guas"},"content":{"rendered":"<div id=\"pl-2557\"  class=\"panel-layout\" ><div id=\"pg-2557-0\"  class=\"panel-grid panel-no-style\" ><div id=\"pgc-2557-0-0\"  class=\"panel-grid-cell\" ><div id=\"panel-2557-0-0-0\" class=\"so-panel widget widget_text panel-first-child panel-last-child\" data-index=\"0\" >\t\t\t<div class=\"textwidget\"><p>Em comemora\u00e7\u00e3o \u00e0 Semana Nacional de Meio Ambiente 2021, o PBAP-GO se uniu \u00e0 UFG, \u00e0 Semad Goi\u00e1s e \u00e0 Saneago para realizar uma cerim\u00f4nia virtual para a entrega de honrarias do M\u00e9rito Ambiental Goiano 2021.<\/p>\n<p>O reconhecimento foi destinado \u00e0queles que apresentaram trajet\u00f3ria significativa e de contribui\u00e7\u00e3o relevante para a preserva\u00e7\u00e3o e recupera\u00e7\u00e3o dos recursos h\u00eddricos do nosso Estado. No total, 40 honrarias de M\u00e9rito Ambiental chancelam aqueles que s\u00e3o reconhecidos como \u201cprotetores das \u00e1guas\u201d.<\/p>\n<p>A entrega foi realizada no dia 10 de junho de 2021, \u00e0s 15h, pela plataforma do Youtube da UFG Oficial (<a href=\"https:\/\/youtube.com\/c\/UFGOficial\" target=\"_blank\" rel=\"noopener\">https:\/\/youtube.com\/c\/UFGOficial<\/a> ), com retransmiss\u00e3o nos canais da Semad e da Saneago.<\/p>\n<p>&nbsp;<\/p>\n<h2>Certificados<\/h2>\n<dl>\n<dt>Certificados SANEAGO<\/dt>\n<dd><a href=\"http:\/\/pbapgo.meioambiente.go.gov.br\/wp-content\/uploads\/2021\/06\/Aldo-Almeida-Brito.pdf\" target=\"_blank\" rel=\"noopener\">Aldo Almeida Brito<\/a><\/dd>\n<dd><a href=\"http:\/\/pbapgo.meioambiente.go.gov.br\/wp-content\/uploads\/2021\/06\/Andre-Luiz-Wenceslau.pdf\" target=\"_blank\" rel=\"noopener\">Andr\u00e9 Luiz Wenceslau<\/a><\/dd>\n<dd><a href=\"http:\/\/pbapgo.meioambiente.go.gov.br\/wp-content\/uploads\/2021\/06\/Aparecida-Maria-Domingues-da-Cunha.pdf\" target=\"_blank\" rel=\"noopener\">Aparecida Maria Domingues da Cunha<\/a><\/dd>\n<dd><a href=\"http:\/\/pbapgo.meioambiente.go.gov.br\/wp-content\/uploads\/2021\/06\/Eder-Rezende-Martins-Rezende.pdf\" target=\"_blank\" rel=\"noopener\">Eder Rezende Martins Rezende<\/a><\/dd>\n<dd><a href=\"http:\/\/pbapgo.meioambiente.go.gov.br\/wp-content\/uploads\/2021\/06\/Edna-Lucia-Fernandes-de-Souza-Sateles.pdf\" target=\"_blank\" rel=\"noopener\">Edna L\u00facia Fernandes de Souza Sateles<\/a><\/dd>\n<dd><a href=\"http:\/\/pbapgo.meioambiente.go.gov.br\/wp-content\/uploads\/2021\/06\/Elaine-Ribeiro-Cardoso-Vilaca.pdf\" target=\"_blank\" rel=\"noopener\">Elaine Ribeiro Cardoso Vilaca<\/a><\/dd>\n<dd><a href=\"http:\/\/pbapgo.meioambiente.go.gov.br\/wp-content\/uploads\/2021\/06\/Elizabeth-Coelho-Furtado-de-Siqueira.pdf\" target=\"_blank\" rel=\"noopener\">Elizabeth Coelho Furtado de Siqueira<\/a><\/dd>\n<dd><a href=\"http:\/\/pbapgo.meioambiente.go.gov.br\/wp-content\/uploads\/2021\/06\/Jonas-Darck-Bueno.pdf\" target=\"_blank\" rel=\"noopener\">Jonas Darck Bueno<\/a><\/dd>\n<dd><a href=\"http:\/\/pbapgo.meioambiente.go.gov.br\/wp-content\/uploads\/2021\/06\/Jose-Antonio-Filho.pdf\" target=\"_blank\" rel=\"noopener\">Jos\u00e9 Ant\u00f4nio Filho<\/a><\/dd>\n<dd><a href=\"http:\/\/pbapgo.meioambiente.go.gov.br\/wp-content\/uploads\/2021\/06\/Juliano-de-Barros-Araujo.pdf\" target=\"_blank\" rel=\"noopener\">Juliano de Barros Ara\u00fajo<\/a><\/dd>\n<dd><a href=\"http:\/\/pbapgo.meioambiente.go.gov.br\/wp-content\/uploads\/2021\/06\/Kelly-Patricia-de-Oliveira-Almeida.pdf\" target=\"_blank\" rel=\"noopener\">Kelly Patr\u00edcia de Oliveira Almeida<\/a><\/dd>\n<dd><a href=\"http:\/\/pbapgo.meioambiente.go.gov.br\/wp-content\/uploads\/2021\/06\/Luiz-Carlos-Pereira-Borges.pdf\" target=\"_blank\" rel=\"noopener\">Luiz Carlos Pereira Borges<\/a><\/dd>\n<dd><a href=\"http:\/\/pbapgo.meioambiente.go.gov.br\/wp-content\/uploads\/2021\/06\/Manoel-Carlos-Silva-Filho.pdf\" target=\"_blank\" rel=\"noopener\">Manoel Carlos Silva Filho<\/a><\/dd>\n<dd><a href=\"http:\/\/pbapgo.meioambiente.go.gov.br\/wp-content\/uploads\/2021\/06\/Mario-Cezar-Guerino.pdf\" target=\"_blank\" rel=\"noopener\">M\u00e1rio Cezar Guerino<\/a><\/dd>\n<dd><a href=\"http:\/\/pbapgo.meioambiente.go.gov.br\/wp-content\/uploads\/2021\/06\/Mariusa-Aparecida-Lima-Santos.pdf\" target=\"_blank\" rel=\"noopener\">Mariusa Aparecida Lima Santos<\/a><\/dd>\n<dd><a href=\"http:\/\/pbapgo.meioambiente.go.gov.br\/wp-content\/uploads\/2021\/06\/Mauricio-Junio-Gomes.pdf\" target=\"_blank\" rel=\"noopener\">Maur\u00edcio Junio Gomes<\/a><\/dd>\n<dd><a href=\"http:\/\/pbapgo.meioambiente.go.gov.br\/wp-content\/uploads\/2021\/06\/Rodrigo-Borges-Santana.pdf\" target=\"_blank\" rel=\"noopener\">Rodrigo Borges Santana<\/a><\/dd>\n<dd><a href=\"http:\/\/pbapgo.meioambiente.go.gov.br\/wp-content\/uploads\/2021\/06\/Ronan-Tadeu-de-Mendonca.pdf\" target=\"_blank\" rel=\"noopener\">Ronan Tadeu de Mendon\u00e7a<\/a><\/dd>\n<\/dl>\n<p>&nbsp;<\/p>\n<dl>\n<dt>Certificados SEMAD<\/dt>\n<dd><a href=\"http:\/\/pbapgo.meioambiente.go.gov.br\/wp-content\/uploads\/2021\/06\/Clarismino-Luiz-Pereira-Junior.pdf\" target=\"_blank\" rel=\"noopener\">Clarismino Luiz Pereira Junior<\/a><\/dd>\n<dd><a href=\"http:\/\/pbapgo.meioambiente.go.gov.br\/wp-content\/uploads\/2021\/06\/Daniela-Haun-de-Araujo-Serafim.pdf\" target=\"_blank\" rel=\"noopener\">Daniela Haun de Ara\u00fajo Serafim<\/a><\/dd>\n<dd><a href=\"http:\/\/pbapgo.meioambiente.go.gov.br\/wp-content\/uploads\/2021\/06\/Elaine-Lopes-Noronha-Farinelli.pdf\" target=\"_blank\" rel=\"noopener\">Elaine Lopes Noronha Farinelli<\/a><\/dd>\n<dd><a href=\"http:\/\/pbapgo.meioambiente.go.gov.br\/wp-content\/uploads\/2021\/06\/Eliete-Mendes-Moreira-Jorge.pdf\" target=\"_blank\" rel=\"noopener\">Eliete Mendes Moreira Jorge<\/a><\/dd>\n<dd><a href=\"http:\/\/pbapgo.meioambiente.go.gov.br\/wp-content\/uploads\/2021\/06\/Fabio-de-Paula-Santos.pdf\" target=\"_blank\" rel=\"noopener\">F\u00e1bio de Paula Santos<\/a><\/dd>\n<dd><a href=\"http:\/\/pbapgo.meioambiente.go.gov.br\/wp-content\/uploads\/2021\/06\/Gabriel-Tenaglia.pdf\" target=\"_blank\" rel=\"noopener\">Gabriel Ten\u00e1glia<\/a><\/dd>\n<dd><a href=\"http:\/\/pbapgo.meioambiente.go.gov.br\/wp-content\/uploads\/2021\/06\/Jose-Diniz-Maricato.pdf\" target=\"_blank\" rel=\"noopener\">Jos\u00e9 Diniz Maricato<\/a><\/dd>\n<dd><a href=\"http:\/\/pbapgo.meioambiente.go.gov.br\/wp-content\/uploads\/2021\/06\/Juliano-de-Barros-Araujo-1.pdf\" target=\"_blank\" rel=\"noopener\">Juliano de Barros Ara\u00fajo<\/a><\/dd>\n<dd><a href=\"http:\/\/pbapgo.meioambiente.go.gov.br\/wp-content\/uploads\/2021\/06\/Klebber-Teodomiro-Formiga.pdf\" target=\"_blank\" rel=\"noopener\">Klebber Teodomiro Formiga<\/a><\/dd>\n<dd><a href=\"http:\/\/pbapgo.meioambiente.go.gov.br\/wp-content\/uploads\/2021\/06\/Luiz-Figueiredo.pdf\" target=\"_blank\" rel=\"noopener\">Luiz Figueiredo<\/a><\/dd>\n<dd><a href=\"http:\/\/pbapgo.meioambiente.go.gov.br\/wp-content\/uploads\/2021\/06\/Suelena-Carneiro-Caetano-Fernandes-Jayme.pdf\" target=\"_blank\" rel=\"noopener\">Suelena Carneiro Caetano Fernandes Jayme<\/a><\/dd>\n<\/dl>\n<p>&nbsp;<\/p>\n<dl>\n<dt>Certificados UFG<\/dt>\n<dd><a href=\"http:\/\/pbapgo.meioambiente.go.gov.br\/wp-content\/uploads\/2021\/06\/Diogenes-Aires.pdf\" target=\"_blank\" rel=\"noopener\">Di\u00f3genes Aires<\/a><\/dd>\n<dd><a href=\"http:\/\/pbapgo.meioambiente.go.gov.br\/wp-content\/uploads\/2021\/06\/Karla-Maria-Silva-de-Faria.pdf\" target=\"_blank\" rel=\"noopener\">Karla Maria Silva de Faria<\/a><\/dd>\n<dd><a href=\"http:\/\/pbapgo.meioambiente.go.gov.br\/wp-content\/uploads\/2021\/06\/Katia-A.-Kopp.pdf\" target=\"_blank\" rel=\"noopener\">Katia A. Kopp<\/a><\/dd>\n<dd><a href=\"http:\/\/pbapgo.meioambiente.go.gov.br\/wp-content\/uploads\/2021\/06\/Klebber-Formiga.pdf\" target=\"_blank\" rel=\"noopener\">Klebber Formiga<\/a><\/dd>\n<dd><a href=\"http:\/\/pbapgo.meioambiente.go.gov.br\/wp-content\/uploads\/2021\/06\/Laerte-Guimaraes-Ferreira-Junior.pdf\" target=\"_blank\" rel=\"noopener\">Laerte Guimar\u00e3es Ferreira J\u00fanior<\/a><\/dd>\n<dd><a href=\"http:\/\/pbapgo.meioambiente.go.gov.br\/wp-content\/uploads\/2021\/06\/Lara-Cristine-Gomes-Ferreira.pdf\" target=\"_blank\" rel=\"noopener\">Lara Cristine Gomes Ferreira<\/a><\/dd>\n<dd><a href=\"http:\/\/pbapgo.meioambiente.go.gov.br\/wp-content\/uploads\/2021\/06\/Marcus-Andre-Siqueira.pdf\" target=\"_blank\" rel=\"noopener\">Marcus Andr\u00e9 Siqueira<\/a><\/dd>\n<dd><a href=\"http:\/\/pbapgo.meioambiente.go.gov.br\/wp-content\/uploads\/2021\/06\/Maria-Geralda-de-Almeida.pdf\" target=\"_blank\" rel=\"noopener\">Maria Geralda de Almeida<\/a><\/dd>\n<dd><a href=\"http:\/\/pbapgo.meioambiente.go.gov.br\/wp-content\/uploads\/2021\/06\/Mauricio-Martines-Sales.pdf\" target=\"_blank\" rel=\"noopener\">Maur\u00edcio Martines Sales<\/a><\/dd>\n<dd><a href=\"http:\/\/pbapgo.meioambiente.go.gov.br\/wp-content\/uploads\/2021\/06\/Nayara-Pereira-Resende-de-Souza.pdf\" target=\"_blank\" rel=\"noopener\">Nayara Pereira Resende de Souza<\/a><\/dd>\n<dd><a href=\"http:\/\/pbapgo.meioambiente.go.gov.br\/wp-content\/uploads\/2021\/06\/Simone-Pfeiffer.pdf\" target=\"_blank\" rel=\"noopener\">Simone Pfeiffer<\/a><\/dd>\n<dd><a href=\"http:\/\/pbapgo.meioambiente.go.gov.br\/wp-content\/uploads\/2021\/06\/Vera-Lucia-Gomes-Klein.pdf\" target=\"_blank\" rel=\"noopener\">Vera L\u00facia Gomes Klein<\/a><\/dd>\n<\/dl>\n<\/div>\n\t\t<\/div><\/div><\/div><\/div>","protected":false},"excerpt":{"rendered":"<p>Em comemora\u00e7\u00e3o \u00e0 Semana Nacional de Meio Ambiente 2021, o PBAP-GO se uniu \u00e0 UFG, \u00e0 Semad Goi\u00e1s e \u00e0 Saneago para realizar uma cerim\u00f4nia virtual para a entrega de &#8230;<\/p>\n","protected":false},"author":2,"featured_media":2604,"comment_status":"open","ping_status":"open","sticky":false,"template":"","format":"standard","meta":{"footnotes":""},"categories":[37,34],"tags":[],"_links":{"self":[{"href":"http:\/\/pbapgo.meioambiente.go.gov.br\/index.php?rest_route=\/wp\/v2\/posts\/2557"}],"collection":[{"href":"http:\/\/pbapgo.meioambiente.go.gov.br\/index.php?rest_route=\/wp\/v2\/posts"}],"about":[{"href":"http:\/\/pbapgo.meioambiente.go.gov.br\/index.php?rest_route=\/wp\/v2\/types\/post"}],"author":[{"embeddable":true,"href":"http:\/\/pbapgo.meioambiente.go.gov.br\/index.php?rest_route=\/wp\/v2\/users\/2"}],"replies":[{"embeddable":true,"href":"http:\/\/pbapgo.meioambiente.go.gov.br\/index.php?rest_route=%2Fwp%2Fv2%2Fcomments&post=2557"}],"version-history":[{"count":11,"href":"http:\/\/pbapgo.meioambiente.go.gov.br\/index.php?rest_route=\/wp\/v2\/posts\/2557\/revisions"}],"predecessor-version":[{"id":2611,"href":"http:\/\/pbapgo.meioambiente.go.gov.br\/index.php?rest_route=\/wp\/v2\/posts\/2557\/revisions\/2611"}],"wp:featuredmedia":[{"embeddable":true,"href":"http:\/\/pbapgo.meioambiente.go.gov.br\/index.php?rest_route=\/wp\/v2\/media\/2604"}],"wp:attachment":[{"href":"http:\/\/pbapgo.meioambiente.go.gov.br\/index.php?rest_route=%2Fwp%2Fv2%2Fmedia&parent=2557"}],"wp:term":[{"taxonomy":"category","embeddable":true,"href":"http:\/\/pbapgo.meioambiente.go.gov.br\/index.php?rest_route=%2Fwp%2Fv2%2Fcategories&post=2557"},{"taxonomy":"post_tag","embeddable":true,"href":"http:\/\/pbapgo.meioambiente.go.gov.br\/index.php?rest_route=%2Fwp%2Fv2%2Ftags&post=2557"}],"curies":[{"name":"wp","href":"https:\/\/api.w.org\/{rel}","templated":true}]}}