















{"id":2546,"date":"2021-06-10T10:41:35","date_gmt":"2021-06-10T13:41:35","guid":{"rendered":"http:\/\/pbapgo.meioambiente.go.gov.br\/?p=2546"},"modified":"2021-06-10T10:41:36","modified_gmt":"2021-06-10T13:41:36","slug":"protetores-das-aguas-sao-homenageados-na-semana-do-meio-ambiente","status":"publish","type":"post","link":"http:\/\/pbapgo.meioambiente.go.gov.br\/?p=2546","title":{"rendered":"Protetores das \u00e1guas s\u00e3o homenageados na Semana do Meio Ambiente"},"content":{"rendered":"<div id=\"pl-2546\"  class=\"panel-layout\" ><div id=\"pg-2546-0\"  class=\"panel-grid panel-no-style\" ><div id=\"pgc-2546-0-0\"  class=\"panel-grid-cell\" ><div id=\"panel-2546-0-0-0\" class=\"so-panel widget widget_text panel-first-child panel-last-child\" data-index=\"0\" >\t\t\t<div class=\"textwidget\"><p>Em comemora\u00e7\u00e3o \u00e0 Semana do Meio Ambiente, a Secretaria de Estado de Meio Ambiente e Desenvolvimento Sustent\u00e1vel, a Universidade Federal de Goi\u00e1s, a Saneago e o PBAP-GO entregam nesta quinta-feira, 10 de junho, certificados de m\u00e9rito ambiental para protetores das \u00e1guas em Goi\u00e1s.<\/p>\n<p>O evento ser\u00e1 realizado de forma virtual, no canal da Saneago no YouTube, a partir das 15 horas. No total, 18 protetores e personalidades ser\u00e3o reconhecidas. A honraria \u00e9 destinada \u00e0queles que apresentam trajet\u00f3ria significativa e de contribui\u00e7\u00e3o relevante para a preserva\u00e7\u00e3o e recupera\u00e7\u00e3o dos recursos h\u00eddricos do Estado de Goi\u00e1s.<\/p>\n<p>O webinar com o tema &#8220;Proteja nossas \u00e1guas&#8221; tamb\u00e9m trar\u00e1 o lan\u00e7amento do site do Centro de Informa\u00e7\u00f5es Meteorol\u00f3gicas e Hidrol\u00f3gicas de Goi\u00e1s (CIMEHGO).<\/p>\n<p><iframe title=\"Webinar Proteja Nossas \u00c1guas: Semana do Meio Ambiente 2021\" src=\"https:\/\/www.youtube.com\/embed\/Z5NRsQYFYFU?feature=oembed\" frameborder=\"0\" allow=\"accelerometer; autoplay; clipboard-write; encrypted-media; gyroscope; picture-in-picture\" allowfullscreen><\/iframe><\/p>\n<p><strong>Confira a lista de participantes<\/strong><\/p>\n<ul>\n<li>Representante do PBAP-GO: Klebber Formiga, Professor da UFG, coordenador do PBAP-GO;<\/li>\n<li>Representante da Semad: Marcos Neves &#8211; Ger\u00eancia de Instrumentos de Gest\u00e3o e Andrea Vulcanis, Secret\u00e1ria de Estado de Meio Ambiente e Recursos H\u00eddricos;<\/li>\n<li>Representantes da Saneago: Presidente da Saneago, Ricardo Soavinski<br \/>\ne Camila Dantas L\u00facio Roncato &#8211; Superintendente de Meio Ambiente e Recursos H\u00eddricos &#8211; SUMAB<\/li>\n<li>Representante da UFG: vice-reitora da UFG, Professora Sandramara Matias<\/li>\n<\/ul>\n<\/div>\n\t\t<\/div><\/div><\/div><\/div>","protected":false},"excerpt":{"rendered":"<p>Em comemora\u00e7\u00e3o \u00e0 Semana do Meio Ambiente, a Secretaria de Estado de Meio Ambiente e Desenvolvimento Sustent\u00e1vel, a Universidade Federal de Goi\u00e1s, a Saneago e o PBAP-GO entregam nesta quinta-feira, &#8230;<\/p>\n","protected":false},"author":2,"featured_media":2550,"comment_status":"open","ping_status":"open","sticky":false,"template":"","format":"standard","meta":{"footnotes":""},"categories":[34,36],"tags":[],"_links":{"self":[{"href":"http:\/\/pbapgo.meioambiente.go.gov.br\/index.php?rest_route=\/wp\/v2\/posts\/2546"}],"collection":[{"href":"http:\/\/pbapgo.meioambiente.go.gov.br\/index.php?rest_route=\/wp\/v2\/posts"}],"about":[{"href":"http:\/\/pbapgo.meioambiente.go.gov.br\/index.php?rest_route=\/wp\/v2\/types\/post"}],"author":[{"embeddable":true,"href":"http:\/\/pbapgo.meioambiente.go.gov.br\/index.php?rest_route=\/wp\/v2\/users\/2"}],"replies":[{"embeddable":true,"href":"http:\/\/pbapgo.meioambiente.go.gov.br\/index.php?rest_route=%2Fwp%2Fv2%2Fcomments&post=2546"}],"version-history":[{"count":3,"href":"http:\/\/pbapgo.meioambiente.go.gov.br\/index.php?rest_route=\/wp\/v2\/posts\/2546\/revisions"}],"predecessor-version":[{"id":2551,"href":"http:\/\/pbapgo.meioambiente.go.gov.br\/index.php?rest_route=\/wp\/v2\/posts\/2546\/revisions\/2551"}],"wp:featuredmedia":[{"embeddable":true,"href":"http:\/\/pbapgo.meioambiente.go.gov.br\/index.php?rest_route=\/wp\/v2\/media\/2550"}],"wp:attachment":[{"href":"http:\/\/pbapgo.meioambiente.go.gov.br\/index.php?rest_route=%2Fwp%2Fv2%2Fmedia&parent=2546"}],"wp:term":[{"taxonomy":"category","embeddable":true,"href":"http:\/\/pbapgo.meioambiente.go.gov.br\/index.php?rest_route=%2Fwp%2Fv2%2Fcategories&post=2546"},{"taxonomy":"post_tag","embeddable":true,"href":"http:\/\/pbapgo.meioambiente.go.gov.br\/index.php?rest_route=%2Fwp%2Fv2%2Ftags&post=2546"}],"curies":[{"name":"wp","href":"https:\/\/api.w.org\/{rel}","templated":true}]}}