















{"id":1956,"date":"2020-01-22T13:28:29","date_gmt":"2020-01-22T16:28:29","guid":{"rendered":"http:\/\/pbapgo.meioambiente.go.gov.br\/?p=1956"},"modified":"2021-01-27T19:34:46","modified_gmt":"2021-01-27T22:34:46","slug":"4a-reuniao-extraordinaria-do-comite-da-bacia-hidrografica-do-rio-dos-bois","status":"publish","type":"post","link":"http:\/\/pbapgo.meioambiente.go.gov.br\/?p=1956","title":{"rendered":"4\u00aa Reuni\u00e3o Extraordin\u00e1ria do Comit\u00ea da Bacia Hidrogr\u00e1fica do Rio dos Bois"},"content":{"rendered":"<div id=\"pl-1956\"  class=\"panel-layout\" ><div id=\"pg-1956-0\"  class=\"panel-grid panel-has-style\" ><div class=\"panel-row-style panel-row-style-for-1956-0\" ><div id=\"pgc-1956-0-0\"  class=\"panel-grid-cell\" ><div id=\"panel-1956-0-0-0\" class=\"so-panel widget widget_text panel-first-child\" data-index=\"0\" >\t\t\t<div class=\"textwidget\"><p>Apresenta\u00e7\u00e3o do Diagn\u00f3stico do Plano da Bacia Hidrogr\u00e1fica dos Rios Turvo e dos Bois.<\/p>\n<\/div>\n\t\t<\/div><div id=\"panel-1956-0-0-1\" class=\"so-panel widget widget_sow-image panel-last-child\" data-index=\"1\" ><div\n\t\t\t\n\t\t\tclass=\"so-widget-sow-image so-widget-sow-image-default-8b5b6f678277-1956\"\n\t\t\t\n\t\t>\n\n<div class=\"sow-image-container\">\n\t\t<img loading=\"lazy\" decoding=\"async\" src=\"http:\/\/pbapgo.meioambiente.go.gov.br\/wp-content\/uploads\/2020\/01\/convite_rio_dos_bois.jpeg\" width=\"1280\" height=\"1280\" srcset=\"http:\/\/pbapgo.meioambiente.go.gov.br\/wp-content\/uploads\/2020\/01\/convite_rio_dos_bois.jpeg 1280w, http:\/\/pbapgo.meioambiente.go.gov.br\/wp-content\/uploads\/2020\/01\/convite_rio_dos_bois-150x150.jpeg 150w, http:\/\/pbapgo.meioambiente.go.gov.br\/wp-content\/uploads\/2020\/01\/convite_rio_dos_bois-300x300.jpeg 300w, http:\/\/pbapgo.meioambiente.go.gov.br\/wp-content\/uploads\/2020\/01\/convite_rio_dos_bois-768x768.jpeg 768w, http:\/\/pbapgo.meioambiente.go.gov.br\/wp-content\/uploads\/2020\/01\/convite_rio_dos_bois-1024x1024.jpeg 1024w\" sizes=\"(max-width: 1280px) 100vw, 1280px\" title=\"Reuni\u00e3o Extraordin\u00e1ria Rio dos Bois\" alt=\"Reuni\u00e3o Extraordin\u00e1ria Rio dos Bois\" \t\tclass=\"so-widget-image\"\/>\n\t<\/div>\n\n<\/div><\/div><\/div><\/div><\/div><\/div>","protected":false},"excerpt":{"rendered":"<p>Apresenta\u00e7\u00e3o do Diagn\u00f3stico do Plano da Bacia Hidrogr\u00e1fica dos Rios Turvo e dos Bois.<\/p>\n","protected":false},"author":2,"featured_media":1955,"comment_status":"open","ping_status":"open","sticky":false,"template":"","format":"standard","meta":{"footnotes":""},"categories":[34,24],"tags":[25],"_links":{"self":[{"href":"http:\/\/pbapgo.meioambiente.go.gov.br\/index.php?rest_route=\/wp\/v2\/posts\/1956"}],"collection":[{"href":"http:\/\/pbapgo.meioambiente.go.gov.br\/index.php?rest_route=\/wp\/v2\/posts"}],"about":[{"href":"http:\/\/pbapgo.meioambiente.go.gov.br\/index.php?rest_route=\/wp\/v2\/types\/post"}],"author":[{"embeddable":true,"href":"http:\/\/pbapgo.meioambiente.go.gov.br\/index.php?rest_route=\/wp\/v2\/users\/2"}],"replies":[{"embeddable":true,"href":"http:\/\/pbapgo.meioambiente.go.gov.br\/index.php?rest_route=%2Fwp%2Fv2%2Fcomments&post=1956"}],"version-history":[{"count":5,"href":"http:\/\/pbapgo.meioambiente.go.gov.br\/index.php?rest_route=\/wp\/v2\/posts\/1956\/revisions"}],"predecessor-version":[{"id":1961,"href":"http:\/\/pbapgo.meioambiente.go.gov.br\/index.php?rest_route=\/wp\/v2\/posts\/1956\/revisions\/1961"}],"wp:featuredmedia":[{"embeddable":true,"href":"http:\/\/pbapgo.meioambiente.go.gov.br\/index.php?rest_route=\/wp\/v2\/media\/1955"}],"wp:attachment":[{"href":"http:\/\/pbapgo.meioambiente.go.gov.br\/index.php?rest_route=%2Fwp%2Fv2%2Fmedia&parent=1956"}],"wp:term":[{"taxonomy":"category","embeddable":true,"href":"http:\/\/pbapgo.meioambiente.go.gov.br\/index.php?rest_route=%2Fwp%2Fv2%2Fcategories&post=1956"},{"taxonomy":"post_tag","embeddable":true,"href":"http:\/\/pbapgo.meioambiente.go.gov.br\/index.php?rest_route=%2Fwp%2Fv2%2Ftags&post=1956"}],"curies":[{"name":"wp","href":"https:\/\/api.w.org\/{rel}","templated":true}]}}