















{"id":1808,"date":"2018-11-12T00:00:32","date_gmt":"2018-11-12T02:00:32","guid":{"rendered":"http:\/\/pbapgo.meioambiente.go.gov.br\/?p=1808"},"modified":"2021-01-27T19:33:28","modified_gmt":"2021-01-27T22:33:28","slug":"ufg-apresenta-primeiro-produto-dos-planos-de-recursos-hidricos","status":"publish","type":"post","link":"http:\/\/pbapgo.meioambiente.go.gov.br\/?p=1808","title":{"rendered":"UFG apresenta primeiro produto dos Planos de Recursos H\u00eddricos"},"content":{"rendered":"<div id=\"pl-1808\"  class=\"panel-layout\" ><div id=\"pg-1808-0\"  class=\"panel-grid panel-has-style\" ><div class=\"panel-row-style panel-row-style-for-1808-0\" ><div id=\"pgc-1808-0-0\"  class=\"panel-grid-cell\" ><div id=\"panel-1808-0-0-0\" class=\"so-panel widget widget_sow-editor panel-first-child panel-last-child\" data-index=\"0\" ><div\n\t\t\t\n\t\t\tclass=\"so-widget-sow-editor so-widget-sow-editor-base\"\n\t\t\t\n\t\t><h3 class=\"widget-title\">Equipe apresentou aspectos metodol\u00f3gicos dos Planos de Recursos H\u00eddricos das Unidades de Planejamento e Gest\u00e3o de Recursos H\u00eddricos do Estado de Goi\u00e1s afluentes ao Rio Parana\u00edba<\/h3>\n<div class=\"siteorigin-widget-tinymce textwidget\">\n\t<p>Na \u00faltima sexta-feira (09\/11), a equipe de pesquisadores da Universidade Federal de Goi\u00e1s (UFG) apresentou o primeiro produto dos Planos de Recursos H\u00eddricos das Unidades de Planejamento e Gest\u00e3o de Recursos H\u00eddricos do Estado de Goi\u00e1s afluentes ao Rio Parana\u00edba para a comunidade. Durante a reuni\u00e3o, na Secretaria de Meio Ambiente, Recursos H\u00eddricos, Infraestrutura, Cidades e Assuntos Metropolitanos (Secima), a equipe t\u00e9cnica exp\u00f4s os dados metodol\u00f3gicos do trabalho.<\/p>\n<p>A apresenta\u00e7\u00e3o foi conduzida pelos professores da Escola de Engenharia Civil e Ambiental da UFG (EECA), Nilson Clementino Ferreira e Klebber Teodomiro Martins Formiga, coordenador do projeto.<\/p>\n<p>Entre os presentes, estavam o Superintendente de Recursos H\u00eddricos, Diogo Segatti, e o Gestor de Fiscaliza\u00e7\u00e3o, Controle e Regula\u00e7\u00e3o, Jo\u00e3o Ricardo Raiser, ambos da Secima. A Saneago e o Comit\u00eas de Bacias tamb\u00e9m enviaram representantes.<\/p>\n<p>Fonte: Plano Estadual de Recursos H\u00eddricos Goi\u00e1s<\/p>\n<\/div>\n<\/div><\/div><\/div><\/div><\/div><\/div>","protected":false},"excerpt":{"rendered":"<p>Na \u00faltima sexta-feira (09\/11), a equipe de pesquisadores da Universidade Federal de Goi\u00e1s (UFG) apresentou o primeiro produto dos Planos de Recursos H\u00eddricos das Unidades de Planejamento e Gest\u00e3o de &#8230;<\/p>\n","protected":false},"author":2,"featured_media":1805,"comment_status":"open","ping_status":"open","sticky":false,"template":"","format":"standard","meta":{"footnotes":""},"categories":[20,34],"tags":[],"_links":{"self":[{"href":"http:\/\/pbapgo.meioambiente.go.gov.br\/index.php?rest_route=\/wp\/v2\/posts\/1808"}],"collection":[{"href":"http:\/\/pbapgo.meioambiente.go.gov.br\/index.php?rest_route=\/wp\/v2\/posts"}],"about":[{"href":"http:\/\/pbapgo.meioambiente.go.gov.br\/index.php?rest_route=\/wp\/v2\/types\/post"}],"author":[{"embeddable":true,"href":"http:\/\/pbapgo.meioambiente.go.gov.br\/index.php?rest_route=\/wp\/v2\/users\/2"}],"replies":[{"embeddable":true,"href":"http:\/\/pbapgo.meioambiente.go.gov.br\/index.php?rest_route=%2Fwp%2Fv2%2Fcomments&post=1808"}],"version-history":[{"count":1,"href":"http:\/\/pbapgo.meioambiente.go.gov.br\/index.php?rest_route=\/wp\/v2\/posts\/1808\/revisions"}],"predecessor-version":[{"id":1809,"href":"http:\/\/pbapgo.meioambiente.go.gov.br\/index.php?rest_route=\/wp\/v2\/posts\/1808\/revisions\/1809"}],"wp:featuredmedia":[{"embeddable":true,"href":"http:\/\/pbapgo.meioambiente.go.gov.br\/index.php?rest_route=\/wp\/v2\/media\/1805"}],"wp:attachment":[{"href":"http:\/\/pbapgo.meioambiente.go.gov.br\/index.php?rest_route=%2Fwp%2Fv2%2Fmedia&parent=1808"}],"wp:term":[{"taxonomy":"category","embeddable":true,"href":"http:\/\/pbapgo.meioambiente.go.gov.br\/index.php?rest_route=%2Fwp%2Fv2%2Fcategories&post=1808"},{"taxonomy":"post_tag","embeddable":true,"href":"http:\/\/pbapgo.meioambiente.go.gov.br\/index.php?rest_route=%2Fwp%2Fv2%2Ftags&post=1808"}],"curies":[{"name":"wp","href":"https:\/\/api.w.org\/{rel}","templated":true}]}}